{"id":192,"date":"2017-09-01T08:30:16","date_gmt":"2017-09-01T08:30:16","guid":{"rendered":"http:\/\/f2abogados.com\/?p=192"},"modified":"2017-09-01T08:30:16","modified_gmt":"2017-09-01T08:30:16","slug":"vuelta-al-trabajo","status":"publish","type":"post","link":"https:\/\/f2abogados.com\/index.php\/2017\/09\/01\/vuelta-al-trabajo\/","title":{"rendered":"VUELTA AL TRABAJO"},"content":{"rendered":"<p><img loading=\"lazy\" decoding=\"async\" class=\"alignnone  wp-image-207\" src=\"https:\/\/f2abogados.com\/wp-content\/uploads\/2017\/09\/vuelta-al-trabajo.jpg\" alt=\"vuelta al trabajo\" width=\"371\" height=\"161\" srcset=\"https:\/\/f2abogados.com\/wp-content\/uploads\/2017\/09\/vuelta-al-trabajo.jpg 341w, https:\/\/f2abogados.com\/wp-content\/uploads\/2017\/09\/vuelta-al-trabajo-300x130.jpg 300w\" sizes=\"auto, (max-width: 371px) 100vw, 371px\" \/><\/p>\n<p>Estamos a 1 de septiembre y como cada a\u00f1o llega la vuelta al trabajo. Despu\u00e9s de unos d\u00edas de descanso y de recargar las pilas, ahora hay que ponerse de nuevo frente al ordenador, los c\u00f3digos legislativos y los expedientes y darlo todo para realizar el mejor trabajo a nuestros clientes. \u00a0Desde <strong>F2 ABOGADOS<\/strong> os deseamos una feliz vuelta a la a\u00a0veces tambi\u00e9n tan ansiada rutina, y os recordamos que estamos a vuestra entera disposici\u00f3n para poder atenderos en todas vuestras dudas y problemas, record\u00e1ndoos siempre que muchas veces mas vale \u00abprevenir que curar\u00bb y que una consulta al abogado a tiempo, puede evitar futuros problemas que pueden convertirse en pleitos que a nadie agradan y que dan m\u00e1s de un dolor de cabeza. Ya sab\u00e9is\u00a0que pod\u00e9is contactar con nosotros en el apartado de <strong>\u00abCONTACTO\u00bb<\/strong> de nuestra web o en el tlf: <strong>639144099<\/strong>.<\/p>\n<p><img loading=\"lazy\" decoding=\"async\" class=\"alignnone  wp-image-21\" src=\"https:\/\/f2abogados.com\/wp-content\/uploads\/2017\/02\/1_primary_logo_1024.jpg\" alt=\"f2abogados\" width=\"175\" height=\"146\" \/><\/p>\n","protected":false},"excerpt":{"rendered":"<p>Estamos a 1 de septiembre y como cada a\u00f1o llega la vuelta al trabajo. Despu\u00e9s de unos d\u00edas de descanso y de recargar las pilas, ahora hay que ponerse de nuevo frente al ordenador, los c\u00f3digos legislativos y los expedientes y darlo todo para realizar el mejor trabajo a nuestros clientes. \u00a0Desde F2 ABOGADOS os<span class=\"post-excerpt-end\">&hellip;<\/span><\/p>\n<p class=\"more-link\"><a href=\"https:\/\/f2abogados.com\/index.php\/2017\/09\/01\/vuelta-al-trabajo\/\" class=\"themebutton\">Leer m\u00e1s<\/a><\/p>\n","protected":false},"author":1,"featured_media":0,"comment_status":"open","ping_status":"open","sticky":false,"template":"","format":"standard","meta":{"footnotes":""},"categories":[2],"tags":[],"class_list":["post-192","post","type-post","status-publish","format-standard","hentry","category-sin-categoria"],"_links":{"self":[{"href":"https:\/\/f2abogados.com\/index.php\/wp-json\/wp\/v2\/posts\/192","targetHints":{"allow":["GET"]}}],"collection":[{"href":"https:\/\/f2abogados.com\/index.php\/wp-json\/wp\/v2\/posts"}],"about":[{"href":"https:\/\/f2abogados.com\/index.php\/wp-json\/wp\/v2\/types\/post"}],"author":[{"embeddable":true,"href":"https:\/\/f2abogados.com\/index.php\/wp-json\/wp\/v2\/users\/1"}],"replies":[{"embeddable":true,"href":"https:\/\/f2abogados.com\/index.php\/wp-json\/wp\/v2\/comments?post=192"}],"version-history":[{"count":0,"href":"https:\/\/f2abogados.com\/index.php\/wp-json\/wp\/v2\/posts\/192\/revisions"}],"wp:attachment":[{"href":"https:\/\/f2abogados.com\/index.php\/wp-json\/wp\/v2\/media?parent=192"}],"wp:term":[{"taxonomy":"category","embeddable":true,"href":"https:\/\/f2abogados.com\/index.php\/wp-json\/wp\/v2\/categories?post=192"},{"taxonomy":"post_tag","embeddable":true,"href":"https:\/\/f2abogados.com\/index.php\/wp-json\/wp\/v2\/tags?post=192"}],"curies":[{"name":"wp","href":"https:\/\/api.w.org\/{rel}","templated":true}]}}