{"id":164,"date":"2017-04-04T17:37:56","date_gmt":"2017-04-04T17:37:56","guid":{"rendered":"http:\/\/f2abogados.com\/?p=164"},"modified":"2017-04-04T17:37:56","modified_gmt":"2017-04-04T17:37:56","slug":"campana-de-la-renta-y-patrimonio-2016","status":"publish","type":"post","link":"https:\/\/f2abogados.com\/index.php\/2017\/04\/04\/campana-de-la-renta-y-patrimonio-2016\/","title":{"rendered":"CAMPA\u00d1A DE LA RENTA Y PATRIMONIO 2016"},"content":{"rendered":"<p><img loading=\"lazy\" decoding=\"async\" class=\"alignnone  wp-image-190\" src=\"https:\/\/f2abogados.com\/wp-content\/uploads\/2017\/04\/renta-2016.jpg\" alt=\"renta 2016\" width=\"447\" height=\"199\" srcset=\"https:\/\/f2abogados.com\/wp-content\/uploads\/2017\/04\/renta-2016.jpg 337w, https:\/\/f2abogados.com\/wp-content\/uploads\/2017\/04\/renta-2016-300x134.jpg 300w\" sizes=\"auto, (max-width: 447px) 100vw, 447px\" \/><\/p>\n<h3>Estimados clientes,<\/h3>\n<h3>El d\u00eda 5 de abril comienza\u00a0la Campa\u00f1a de la Renta y el Patrimonio 2016.<\/h3>\n<h3 style=\"text-align:justify;\"><strong><span style=\"color:#0000ff;\">F2 Abogados<\/span> colabora en materia fiscal con REJON CONSULTORES, por lo que si desea que nos ocupemos de estudiar y tramitar su declaraci\u00f3n, ind\u00edquenoslo a trav\u00e9s de nuestro formulario de contacto a fin de poder ponernos en contacto con usted y recabar la informaci\u00f3n necesaria.<\/strong><\/h3>\n<h3>La fecha l\u00edmite para la presentaci\u00f3n de declaraciones es el 30 de Junio de 2017<\/h3>\n<p><img loading=\"lazy\" decoding=\"async\" class=\"alignnone  wp-image-21\" src=\"https:\/\/f2abogados.com\/wp-content\/uploads\/2017\/02\/1_primary_logo_1024.jpg\" alt=\"f2abogados\" width=\"211\" height=\"175\" \/>\u00a0 \u00a0 \u00a0 \u00a0 \u00a0 \u00a0\u00a0 \u00a0 \u00a0 \u00a0\u00a0 \u00a0 \u00a0 \u00a0 \u00a0\u00a0<img loading=\"lazy\" decoding=\"async\" class=\"alignnone  wp-image-178\" src=\"https:\/\/f2abogados.com\/wp-content\/uploads\/2017\/04\/logo-rc.jpg\" alt=\"LOGO RC\" width=\"219\" height=\"130\" srcset=\"https:\/\/f2abogados.com\/wp-content\/uploads\/2017\/04\/logo-rc.jpg 492w, https:\/\/f2abogados.com\/wp-content\/uploads\/2017\/04\/logo-rc-300x178.jpg 300w\" sizes=\"auto, (max-width: 219px) 100vw, 219px\" \/><\/p>\n","protected":false},"excerpt":{"rendered":"<p>Estimados clientes, El d\u00eda 5 de abril comienza\u00a0la Campa\u00f1a de la Renta y el Patrimonio 2016. F2 Abogados colabora en materia fiscal con REJON CONSULTORES, por lo que si desea que nos ocupemos de estudiar y tramitar su declaraci\u00f3n, ind\u00edquenoslo a trav\u00e9s de nuestro formulario de contacto a fin de poder ponernos en contacto con<span class=\"post-excerpt-end\">&hellip;<\/span><\/p>\n<p class=\"more-link\"><a href=\"https:\/\/f2abogados.com\/index.php\/2017\/04\/04\/campana-de-la-renta-y-patrimonio-2016\/\" class=\"themebutton\">Leer m\u00e1s<\/a><\/p>\n","protected":false},"author":1,"featured_media":0,"comment_status":"open","ping_status":"open","sticky":false,"template":"","format":"standard","meta":{"footnotes":""},"categories":[2],"tags":[],"class_list":["post-164","post","type-post","status-publish","format-standard","hentry","category-sin-categoria"],"_links":{"self":[{"href":"https:\/\/f2abogados.com\/index.php\/wp-json\/wp\/v2\/posts\/164","targetHints":{"allow":["GET"]}}],"collection":[{"href":"https:\/\/f2abogados.com\/index.php\/wp-json\/wp\/v2\/posts"}],"about":[{"href":"https:\/\/f2abogados.com\/index.php\/wp-json\/wp\/v2\/types\/post"}],"author":[{"embeddable":true,"href":"https:\/\/f2abogados.com\/index.php\/wp-json\/wp\/v2\/users\/1"}],"replies":[{"embeddable":true,"href":"https:\/\/f2abogados.com\/index.php\/wp-json\/wp\/v2\/comments?post=164"}],"version-history":[{"count":0,"href":"https:\/\/f2abogados.com\/index.php\/wp-json\/wp\/v2\/posts\/164\/revisions"}],"wp:attachment":[{"href":"https:\/\/f2abogados.com\/index.php\/wp-json\/wp\/v2\/media?parent=164"}],"wp:term":[{"taxonomy":"category","embeddable":true,"href":"https:\/\/f2abogados.com\/index.php\/wp-json\/wp\/v2\/categories?post=164"},{"taxonomy":"post_tag","embeddable":true,"href":"https:\/\/f2abogados.com\/index.php\/wp-json\/wp\/v2\/tags?post=164"}],"curies":[{"name":"wp","href":"https:\/\/api.w.org\/{rel}","templated":true}]}}